{"id":131,"date":"2023-09-16T22:04:51","date_gmt":"2023-09-16T20:04:51","guid":{"rendered":"http:\/\/linema.de\/wordpress\/?p=131"},"modified":"2024-01-03T12:58:50","modified_gmt":"2024-01-03T11:58:50","slug":"4-wohnort-stefan-zweigs","status":"publish","type":"post","link":"http:\/\/linema.de\/wordpress\/4-wohnort-stefan-zweigs\/","title":{"rendered":"4. Wohnort Stefan Zweigs"},"content":{"rendered":"\n<p>Stefan Zweig geh\u00f6rte zu den popul\u00e4rsten deutschsprachigen Schriftstellern seiner Zeit. Er war ein \u00f6sterreichischer Erz\u00e4hler, Lyriker, Essayist und der meist\u00fcbersetzte deutsche Autor seiner Zeit. Durch seine Werke versuchte er den nationalistischen Gedanken ein Ende zu setzen, indem er ein humanistisches Grundverst\u00e4ndnis in Europa schaffte. Der Mann, \u00fcber den ihr gerade schon etwas erfahren habt, verbrachte einen Teil seiner Jugend in dem Haus, vor dem ihr gerade steht.<\/p>\n\n\n\n<p>\u201eIch bin aufgewachsen in Wien, der zweitausendj\u00e4hrigen \u00fcbernationalen Metro-pole, und habe sie wie ein Verbrechen verlassen m\u00fcssen, ehe sie degradiert wurde zu einer deutschen Provinzstadt. Mein literar-isches Werk ist in der Sprache, in der ich es geschrieben, zu Asche gebrannt worden, in eben demselben Lande, wo meine B\u00fccher Millionen Leser sich zu Freunden gemacht. So geh\u00f6re ich nirgends mehr hin, \u00fcberall Fremder und bestenfalls Gast, auch die eigentliche Heimat, die mein Herz sich erw\u00e4hlt, Europa, ist mir verloren, seit es sich zum zweiten Mal selbstm\u00f6rderisch zerfleischt im Bruderkrieg.&#8220; (Zweig, Stefan (2020): Die Welt von Gestern: Erinnerungen eines Europ\u00e4ers, (Ort): FISCHER Taschenbuch: S.10) (Quelle)<\/p>\n\n\n\n<p>\u201eDie Welt von Gestern&#8220; schwelgt in den teils unbeschwerten und sch\u00f6nen Erinnerungen an Stefan Zweigs Zeit in Wien, bevor die NS-Diktatur all dies zunichtemachte. Dadurch f\u00fchlte er immer mehr eine innere Zerrissenheit und Heimatlosigkeit, jedoch hatte Zweig dank seines gro\u00dfb\u00fcrgerlichen Lebensstils auch die Chancen viel zu reisen und somit seine Gef\u00fchlslage zu verbessern.<\/p>\n\n\n\n<figure id=\"audio\" class=\"wp-block-audio\"><audio controls src=\"http:\/\/linema.de\/wordpress\/wp-content\/uploads\/2023\/12\/Wohnort-SZ-LR-Wien-von-gestern-Stefan-Zweig.m4a\"><\/audio><\/figure>\n","protected":false},"excerpt":{"rendered":"<p>Stefan Zweig geh\u00f6rte zu den popul\u00e4rsten deutschsprachigen Schriftstellern seiner Zeit. Er war ein \u00f6sterreichischer Erz\u00e4hler, Lyriker, Essayist und der meist\u00fcbersetzte deutsche Autor seiner Zeit. Durch seine Werke versuchte er den nationalistischen Gedanken ein Ende zu setzen, indem er ein humanistisches Grundverst\u00e4ndnis in Europa schaffte. Der Mann, \u00fcber den ihr gerade schon etwas erfahren habt, verbrachte [&hellip;]<\/p>\n","protected":false},"author":4,"featured_media":214,"comment_status":"closed","ping_status":"open","sticky":false,"template":"","format":"standard","meta":{"footnotes":""},"categories":[4],"tags":[],"class_list":["post-131","post","type-post","status-publish","format-standard","has-post-thumbnail","hentry","category-lr"],"_links":{"self":[{"href":"http:\/\/linema.de\/wordpress\/wp-json\/wp\/v2\/posts\/131","targetHints":{"allow":["GET"]}}],"collection":[{"href":"http:\/\/linema.de\/wordpress\/wp-json\/wp\/v2\/posts"}],"about":[{"href":"http:\/\/linema.de\/wordpress\/wp-json\/wp\/v2\/types\/post"}],"author":[{"embeddable":true,"href":"http:\/\/linema.de\/wordpress\/wp-json\/wp\/v2\/users\/4"}],"replies":[{"embeddable":true,"href":"http:\/\/linema.de\/wordpress\/wp-json\/wp\/v2\/comments?post=131"}],"version-history":[{"count":6,"href":"http:\/\/linema.de\/wordpress\/wp-json\/wp\/v2\/posts\/131\/revisions"}],"predecessor-version":[{"id":397,"href":"http:\/\/linema.de\/wordpress\/wp-json\/wp\/v2\/posts\/131\/revisions\/397"}],"wp:featuredmedia":[{"embeddable":true,"href":"http:\/\/linema.de\/wordpress\/wp-json\/wp\/v2\/media\/214"}],"wp:attachment":[{"href":"http:\/\/linema.de\/wordpress\/wp-json\/wp\/v2\/media?parent=131"}],"wp:term":[{"taxonomy":"category","embeddable":true,"href":"http:\/\/linema.de\/wordpress\/wp-json\/wp\/v2\/categories?post=131"},{"taxonomy":"post_tag","embeddable":true,"href":"http:\/\/linema.de\/wordpress\/wp-json\/wp\/v2\/tags?post=131"}],"curies":[{"name":"wp","href":"https:\/\/api.w.org\/{rel}","templated":true}]}}